{"id":13757,"date":"2016-06-03T22:44:38","date_gmt":"2016-06-03T21:44:38","guid":{"rendered":"https:\/\/cursotenenciaresponsable.com\/?p=13757&#038;lang=en"},"modified":"2016-06-12T04:10:53","modified_gmt":"2016-06-12T03:10:53","slug":"sem-internacional-sobre-el-tratamiento-complementario-de-la-diabetes-y-sus-complicaciones","status":"publish","type":"post","link":"https:\/\/cursotenenciaresponsable.com\/en\/sem-internacional-sobre-el-tratamiento-complementario-de-la-diabetes-y-sus-complicaciones\/","title":{"rendered":"Intensive Seminar in basic Ozonoterapia applied to internal medicine"},"content":{"rendered":"<p>[fullwidth background_color=&#8221;&#8221; background_image=&#8221;&#8221; background_parallax=&#8221;none&#8221; enable_mobile=&#8221;no&#8221; parallax_speed=&#8221;0.3&#8243; background_repeat=&#8221;no-repeat&#8221; background_position=&#8221;left top&#8221; video_url=&#8221;&#8221; video_aspect_ratio=&#8221;16:9&#8243; video_webm=&#8221;&#8221; video_mp4=&#8221;&#8221; video_ogv=&#8221;&#8221; video_preview_image=&#8221;&#8221; overlay_color=&#8221;&#8221; overlay_opacity=&#8221;0.5&#8243; video_mute=&#8221;yes&#8221; video_loop=&#8221;yes&#8221; fade=&#8221;no&#8221; border_size=&#8221;0px&#8221; border_color=&#8221;&#8221; border_style=&#8221;&#8221; padding_top=&#8221;20&#8243; padding_bottom=&#8221;20&#8243; padding_left=&#8221;0&#8243; padding_right=&#8221;0&#8243; hundred_percent=&#8221;no&#8221; equal_height_columns=&#8221;no&#8221; hide_on_mobile=&#8221;no&#8221; menu_anchor=&#8221;&#8221; class=&#8221;&#8221; id=&#8221;&#8221;][imageframe lightbox=&#8221;no&#8221; lightbox_image=&#8221;&#8221; style_type=&#8221;none&#8221; hover_type=&#8221;none&#8221; bordercolor=&#8221;&#8221; bordersize=&#8221;0px&#8221; borderradius=&#8221;0&#8243; stylecolor=&#8221;&#8221; align=&#8221;none&#8221; link=&#8221;https:\/\/cursotenenciaresponsable.com\/en\/registration-form-to-international-seminar-on-complementary-diabetes-treatment-and-its-complications\/&#8221; linktarget=&#8221;_self&#8221; animation_type=&#8221;0&#8243; animation_direction=&#8221;down&#8221; animation_speed=&#8221;0.1&#8243; animation_offset=&#8221;&#8221; hide_on_mobile=&#8221;no&#8221; class=&#8221;&#8221; id=&#8221;&#8221;] <img src=\"https:\/\/cursotenenciaresponsable.com\/wp-content\/uploads\/2014\/11\/seminario_OzBasica_junio_OK-1024x629.jpg\" alt=\"\" \/>[\/imageframe][\/fullwidth][separator style_type=&#8221;none&#8221; top_margin=&#8221;5&#8243; bottom_margin=&#8221;5&#8243; sep_color=&#8221;&#8221; border_size=&#8221;&#8221; icon=&#8221;&#8221; icon_circle=&#8221;&#8221; icon_circle_color=&#8221;&#8221; width=&#8221;&#8221; alignment=&#8221;center&#8221; class=&#8221;&#8221; id=&#8221;&#8221;][fusion_text]<\/p>\n<h3>What did the participants say in writing about the course?<\/h3>\n<blockquote><p>The scientific preparation of teachers is very good. Also their quality and preparation.<\/p>\n<p>All subjects were treated with a lot of professionalism.<\/p>\n<p>The course meets the objectives.<\/p>\n<p>As always it has been a flawless organization.<\/p>\n<p>Go on with the methodology and choice of subjects in the same way as Aepromo has done so far. Very good.<\/p>\n<p>The course has treated all subjects with the same scientific rigor they deserved.<\/p>\n<p>Good scientific content. And good program.<\/p><\/blockquote>\n<p>[\/fusion_text][separator style_type=&#8221;none&#8221; top_margin=&#8221;5&#8243; bottom_margin=&#8221;5&#8243; sep_color=&#8221;&#8221; border_size=&#8221;&#8221; icon=&#8221;&#8221; icon_circle=&#8221;&#8221; icon_circle_color=&#8221;&#8221; width=&#8221;&#8221; alignment=&#8221;center&#8221; class=&#8221;&#8221; id=&#8221;&#8221;][fusion_text]<\/p>\n<h2 style=\"text-align: center;\"><strong>Tuvimos el honor de recibir a los doctores:<\/strong><\/h2>\n<p>[\/fusion_text][fusion_text]<\/p>\n<div class=\"table-1\">\n<table width=\"100%\">\n<tbody>\n<tr>\n<td> <a href=\"https:\/\/cursotenenciaresponsable.com\/wp-content\/uploads\/2015\/12\/adriana.jpg\"><img loading=\"lazy\" class=\"aligncenter size-medium wp-image-12357\" src=\"https:\/\/cursotenenciaresponsable.com\/wp-content\/uploads\/2015\/12\/adriana-300x300.jpg\" alt=\"adriana\" width=\"300\" height=\"300\" srcset=\"https:\/\/cursotenenciaresponsable.com\/wp-content\/uploads\/2015\/12\/adriana-300x300.jpg 300w, https:\/\/cursotenenciaresponsable.com\/wp-content\/uploads\/2015\/12\/adriana-100x100.jpg 100w, https:\/\/cursotenenciaresponsable.com\/wp-content\/uploads\/2015\/12\/adriana-150x150.jpg 150w, https:\/\/cursotenenciaresponsable.com\/wp-content\/uploads\/2015\/12\/adriana-120x120.jpg 120w, https:\/\/cursotenenciaresponsable.com\/wp-content\/uploads\/2015\/12\/adriana.jpg 400w, https:\/\/cursotenenciaresponsable.com\/wp-content\/uploads\/2015\/12\/adriana-66x66.jpg 66w\" sizes=\"(max-width: 300px) 100vw, 300px\" \/><\/a><\/td>\n<td>Dra. Adriana Schwartz. MD, Ginec\u00f3logo Obstetra. Espa\u00f1a<\/p>\n<p>[modal name=&#8221;CV_adriana&#8221; title=&#8221;Curriculum Vitae de Adriana Schwartz&#8221; size=&#8221;large&#8221; background=&#8221;&#8221; border_color=&#8221;&#8221; show_footer=&#8221;no&#8221; class=&#8221;&#8221; id=&#8221;&#8221;]<\/p>\n<ul>\n<li>Licenciada en Medicina y Cirug\u00eda<\/li>\n<li>Especialista en Manejo del Dolor<\/li>\n<li>Especialista en Ginecolog\u00eda<\/li>\n<li>Experta Universitaria en Ozonoterapia y Factores de Crecimiento Ozonizados, Universidad Rey Juan Carlos, Madrid.<\/li>\n<li>Co-Directora, Curso de Experto Universitario en Ozonoterapia y Factores de Crecimiento Ozonizados, Universidad Rey Juan Carlos, Madrid. Ediciones 2013-2014 y 2014-2015.<\/li>\n<li>Presidenta de la Asociaci\u00f3n Espa\u00f1ola de Profesionales M\u00e9dicos en Ozonoterapia (AEPROMO).  <a href=\"https:\/\/cursotenenciaresponsable.com\">aepromo.org<\/a>.<\/li>\n<li>Presidenta de IMEOF (International Medical Ozone Federation).  <a href=\"http:\/\/www.imeof.org\">imeof.org<\/a><\/li>\n<li>Secretaria Cient\u00edfica, ISCO3 (International Scientific Committee of Ozone Therapy).  <a href=\"http:\/\/www.isco3.org\">isco3.org<\/a><\/li>\n<li>Editora, Revista Espa\u00f1ola de Ozonotera Anual, biling\u00fce, (espa\u00f1ol-ingl\u00e9s), online, de acceso gratuito, y con revisiones a ciegas (peer review). http:\/\/www.xn--revistaespaoladeozonoterapia-7xc.es\/index.php\/reo<\/li>\n<li>Autora de art\u00edculos cient\u00edficos y libros.<\/li>\n<\/ul>\n<p>[\/modal]<\/p>\n<p>[modal_text_link name=&#8221;CV_adriana&#8221; class=&#8221;&#8221; id=&#8221;&#8221;]Ver CV[\/modal_text_link]<\/td>\n<\/tr>\n<tr>\n<td><img loading=\"lazy\" class=\"aligncenter size-medium wp-image-12361\" src=\"https:\/\/cursotenenciaresponsable.com\/wp-content\/uploads\/2015\/12\/gregorio-300x300.jpg\" alt=\"gregorio\" width=\"300\" height=\"300\" srcset=\"https:\/\/cursotenenciaresponsable.com\/wp-content\/uploads\/2015\/12\/gregorio-300x300.jpg 300w, https:\/\/cursotenenciaresponsable.com\/wp-content\/uploads\/2015\/12\/gregorio-100x100.jpg 100w, https:\/\/cursotenenciaresponsable.com\/wp-content\/uploads\/2015\/12\/gregorio-150x150.jpg 150w, https:\/\/cursotenenciaresponsable.com\/wp-content\/uploads\/2015\/12\/gregorio-120x120.jpg 120w, https:\/\/cursotenenciaresponsable.com\/wp-content\/uploads\/2015\/12\/gregorio.jpg 400w, https:\/\/cursotenenciaresponsable.com\/wp-content\/uploads\/2015\/12\/gregorio-66x66.jpg 66w\" sizes=\"(max-width: 300px) 100vw, 300px\" \/><\/td>\n<td>Dr. Gregorio Mart\u00ednez, PhD Cuba<\/p>\n<p>[modal name=&#8221;CV_gregorio&#8221; title=&#8221;Curriculum Vitae de Gregorio Mart\u00ednez&#8221; size=&#8221;large&#8221; background=&#8221;&#8221; border_color=&#8221;&#8221; show_footer=&#8221;no&#8221; class=&#8221;&#8221; id=&#8221;&#8221;]<\/p>\n<ul>\n<li>Ciencias Farmac\u00e9uticas. Ph.D. Experto en Estr\u00e9s Oxidativo.<\/li>\n<li>Miembro de AEPROMO (Asociaci\u00f3n Espa\u00f1ola de Profesionales M\u00e9dicos en Ozonoterapia).  <a href=\"https:\/\/cursotenenciaresponsable.com\">aepromo.org<\/a><\/li>\n<li>Presidente de ISCO3 (International Scientific Committee of Ozone Therapy).  <a href=\"http:\/\/www.isco3.org\">isco3.org<\/a>.<\/li>\n<li>Miembro Consejo Redacci\u00f3n, Comit\u00e9s Editorial y Evaluador, Revista Espa\u00f1ola de Ozonoterapia.  <a href=\"http:\/\/www.xn--revistaespaoladeozonoterapia-7xc.es\/index.php\/reo\">http:\/\/www.xn--revistaespaoladeozonoterapia-7xc.es\/index.php\/reo<\/a><\/li>\n<li>Profesor del curso de \u201cExperto Universitario en Ozonoterapia y Factores de Crecimiento Ozonizados\u201d. Universidad Rey Juan Carlos, Madrid, ediciones 2013-2014; 2014-2015.<\/li>\n<\/ul>\n<p>[\/modal]<\/p>\n<p>[modal_text_link name=&#8221;CV_gregorio&#8221; class=&#8221;&#8221; id=&#8221;&#8221;]Ver CV[\/modal_text_link]<\/td>\n<\/tr>\n<tr>\n<td>\u00a0 <a href=\"https:\/\/cursotenenciaresponsable.com\/wp-content\/uploads\/2015\/12\/esteban.jpg\"><img loading=\"lazy\" class=\"aligncenter wp-image-12360 size-full\" src=\"https:\/\/cursotenenciaresponsable.com\/wp-content\/uploads\/2015\/12\/esteban.jpg\" alt=\"\" width=\"400\" height=\"400\" srcset=\"https:\/\/cursotenenciaresponsable.com\/wp-content\/uploads\/2015\/12\/esteban.jpg 400w, https:\/\/cursotenenciaresponsable.com\/wp-content\/uploads\/2015\/12\/esteban-100x100.jpg 100w, https:\/\/cursotenenciaresponsable.com\/wp-content\/uploads\/2015\/12\/esteban-150x150.jpg 150w, https:\/\/cursotenenciaresponsable.com\/wp-content\/uploads\/2015\/12\/esteban-300x300.jpg 300w, https:\/\/cursotenenciaresponsable.com\/wp-content\/uploads\/2015\/12\/esteban-120x120.jpg 120w, https:\/\/cursotenenciaresponsable.com\/wp-content\/uploads\/2015\/12\/esteban-66x66.jpg 66w\" sizes=\"(max-width: 400px) 100vw, 400px\" \/><\/a><\/td>\n<td>Dr.\u00a0Esteban Gonz\u00e1lez<\/p>\n<p>[modal name=&#8221;CV_esteban&#8221; title=&#8221;Curriculum Vitae de Esteban Gonz\u00e1lez&#8221; size=&#8221;large&#8221; background=&#8221;&#8221; border_color=&#8221;&#8221; show_footer=&#8221;no&#8221; class=&#8221;&#8221; id=&#8221;&#8221;]<\/p>\n<ul>\n<li>Medicina Interna. Director Cl\u00ednica Canarias.<\/li>\n<li>Miembro de la junta directiva de Aepromo (Asociaci\u00f3n Espa\u00f1ola de Profesionales M\u00e9dicos en Ozonoterapia).  <a href=\"https:\/\/cursotenenciaresponsable.com\">www.aepromo.org<\/a><\/li>\n<li>Miembro Consejo Redacci\u00f3n, Comit\u00e9 Evaluador, Revista Espa\u00f1ola de Ozonoterapia.  <a href=\"http:\/\/www.xn--revistaespaoladeozonoterapia-7xc.es\/index.php\/reo\">http:\/\/www.xn--revistaespaoladeozonoterapia-7xc.es\/index.php\/reo<\/a><\/li>\n<li>Profesor del cuso de \u201cExperto Universitario en\u00a0 Ozonoterapia y Factores de Crecimiento Ozonizados\u201d, Universidad Rey Juan Carlos, Madrid, edici\u00f3n 2013-2014; 2014-2015<\/li>\n<\/ul>\n<p>[\/modal]<\/p>\n<p>[modal_text_link name=&#8221;CV_esteban&#8221; class=&#8221;&#8221; id=&#8221;&#8221;]Ver CV[\/modal_text_link]<\/td>\n<\/tr>\n<\/tbody>\n<\/table>\n<\/div>\n<p>[\/fusion_text][fusion_text]<strong>PROGRAMA CIENT\u00cdFICO\u00a0<\/strong><\/p>\n<p>Generadores de ozono<\/p>\n<p>&nbsp;<\/p>\n<p>Bases bioqu\u00edmicas y biol\u00f3gicas de los efectos del Ozono.<\/p>\n<p>Principios B\u00e1sicos para el manejo del ozono. V\u00edas de administraci\u00f3n en ozonoterapia.<\/p>\n<p>Ambiente redox y las enfermedades.<\/p>\n<p>Ozono en Medicina Interna (diabetes, asma, enfermedades neurodegenerativas)<\/p>\n<p>Soluci\u00f3n salina ozonizada. Met\u00f3dica de preparaci\u00f3n. Indicaciones.<\/p>\n<p>Glutation y Salud celular.<\/p>\n<p>UV-Light y Ozono<\/p>\n<p>&nbsp;<\/p>\n<p><strong>Pr\u00e1cticas\/Demostraciones <\/strong><\/p>\n<p>Autohemoterapia mayor (AHTM).<\/p>\n<p>Autohemoterapia menor (AHTMenor).<\/p>\n<p>Met\u00f3dica soluci\u00f3n salina ozonizada.<\/p>\n<p>Aplicaci\u00f3n de bolsas y\u00a0 campana.<\/p>\n<p>Insuflaci\u00f3n vaginal, uretral y vesical.<\/p>\n<p>Infiltraci\u00f3n intra muscular. Mesoterapia.<\/p>\n<p>T\u00e9cnica del guante.<\/p>\n<p>UV-Light.<\/p>\n<p>[\/fusion_text]<\/p>\n","protected":false},"excerpt":{"rendered":"<p>[fullwidth background_color=&#8221;&#8221; background_image=&#8221;&#8221; background_parallax=&#8221;none&#8221; enable_mobile=&#8221;no&#8221; parallax_speed=&#8221;0.3&#8243; background_repeat=&#8221;no-repeat&#8221; background_position=&#8221;left top&#8221; video_url=&#8221;&#8221; video_aspect_ratio=&#8221;16:9&#8243; video_webm=&#8221;&#8221; video_mp4=&#8221;&#8221; video_ogv=&#8221;&#8221; video_preview_image=&#8221;&#8221; overlay_color=&#8221;&#8221; overlay_opacity=&#8221;0.5&#8243; video_mute=&#8221;yes&#8221; video_loop=&#8221;yes&#8221; fade=&#8221;no&#8221; border_size=&#8221;0px&#8221; border_color=&#8221;&#8221; border_style=&#8221;&#8221; padding_top=&#8221;20&#8243; padding_bottom=&#8221;20&#8243; padding_left=&#8221;0&#8243; padding_right=&#8221;0&#8243; hundred_percent=&#8221;no&#8221; equal_height_columns=&#8221;no&#8221; hide_on_mobile=&#8221;no&#8221; menu_anchor=&#8221;&#8221; class=&#8221;&#8221; id=&#8221;&#8221;][imageframe lightbox=&#8221;no&#8221; lightbox_image=&#8221;&#8221; style_type=&#8221;none&#8221; hover_type=&#8221;none&#8221; bordercolor=&#8221;&#8221; bordersize=&#8221;0px&#8221; borderradius=&#8221;0&#8243; stylecolor=&#8221;&#8221; align=&#8221;none&#8221; link=&#8221;https:\/\/cursotenenciaresponsable.com\/en\/registration-form-to-international-seminar-on-complementary-diabetes-treatment-and-its-complications\/&#8221; linktarget=&#8221;_self&#8221; animation_type=&#8221;0&#8243; animation_direction=&#8221;down&#8221; animation_speed=&#8221;0.1&#8243; animation_offset=&#8221;&#8221; hide_on_mobile=&#8221;no&#8221; class=&#8221;&#8221; id=&#8221;&#8221;] [\/imageframe][\/fullwidth][separator style_type=&#8221;none&#8221; top_margin=&#8221;5&#8243; bottom_margin=&#8221;5&#8243; [&hellip;]<\/p>\n","protected":false},"author":1,"featured_media":14658,"comment_status":"closed","ping_status":"open","sticky":false,"template":"","format":"standard","meta":{"_et_pb_use_builder":"","_et_pb_old_content":"","_et_gb_content_width":""},"categories":[95,120],"tags":[],"acf":[],"_links":{"self":[{"href":"https:\/\/cursotenenciaresponsable.com\/en\/wp-json\/wp\/v2\/posts\/13757"}],"collection":[{"href":"https:\/\/cursotenenciaresponsable.com\/en\/wp-json\/wp\/v2\/posts"}],"about":[{"href":"https:\/\/cursotenenciaresponsable.com\/en\/wp-json\/wp\/v2\/types\/post"}],"author":[{"embeddable":true,"href":"https:\/\/cursotenenciaresponsable.com\/en\/wp-json\/wp\/v2\/users\/1"}],"replies":[{"embeddable":true,"href":"https:\/\/cursotenenciaresponsable.com\/en\/wp-json\/wp\/v2\/comments?post=13757"}],"version-history":[{"count":9,"href":"https:\/\/cursotenenciaresponsable.com\/en\/wp-json\/wp\/v2\/posts\/13757\/revisions"}],"predecessor-version":[{"id":15191,"href":"https:\/\/cursotenenciaresponsable.com\/en\/wp-json\/wp\/v2\/posts\/13757\/revisions\/15191"}],"wp:featuredmedia":[{"embeddable":true,"href":"https:\/\/cursotenenciaresponsable.com\/en\/wp-json\/wp\/v2\/media\/14658"}],"wp:attachment":[{"href":"https:\/\/cursotenenciaresponsable.com\/en\/wp-json\/wp\/v2\/media?parent=13757"}],"wp:term":[{"taxonomy":"category","embeddable":true,"href":"https:\/\/cursotenenciaresponsable.com\/en\/wp-json\/wp\/v2\/categories?post=13757"},{"taxonomy":"post_tag","embeddable":true,"href":"https:\/\/cursotenenciaresponsable.com\/en\/wp-json\/wp\/v2\/tags?post=13757"}],"curies":[{"name":"wp","href":"https:\/\/api.w.org\/{rel}","templated":true}]}}